{"id":1662,"date":"2025-10-22T19:42:35","date_gmt":"2025-10-22T23:42:35","guid":{"rendered":"https:\/\/womeninmusic.ca\/raha-javanfar-artiste\/"},"modified":"2025-10-23T14:36:41","modified_gmt":"2025-10-23T18:36:41","slug":"raha-javanfar-artiste","status":"publish","type":"post","link":"https:\/\/womeninmusic.ca\/fr\/raha-javanfar-artiste\/","title":{"rendered":"Raha Javanfar &#8211; artiste"},"content":{"rendered":"\n<p>O\u00f9 en \u00e9tiez-vous dans votre carri\u00e8re musicale lorsque vous avez eu votre premier enfant ? Y a-t-il eu beaucoup de discussions sur la fa\u00e7on dont ce choix de vie affecterait votre carri\u00e8re dans l&#8217;industrie de la musique\/du divertissement ? <\/p>\n\n<p>C&#8217;\u00e9tait la fin de la pand\u00e9mie, il \u00e9tait donc tr\u00e8s difficile de savoir ce qui allait arriver ou comment les choses allaient changer \u00e0 l&#8217;avenir. Ma fille est n\u00e9e juste \u00e0 la fin du mois d&#8217;ao\u00fbt 2021, ce qui correspondait en fait au moment de la premi\u00e8re vague de r\u00e9ouvertures. Je me souviens m&#8217;\u00eatre sentie replong\u00e9e dans l&#8217;isolement (apr\u00e8s presque deux ans) avec un nouveau b\u00e9b\u00e9, tandis que mes amis et coll\u00e8gues retournaient au travail. Je me souviens m&#8217;\u00eatre sentie confuse, envieuse et assez d\u00e9sorient\u00e9e par tout cela.    <\/p>\n\n<p>En tant que parent qui travaille dans l&#8217;industrie musicale, quels sont les plus grands d\u00e9fis auxquels vous \u00eates confront\u00e9e ?<\/p>\n\n<p>Garde d&#8217;enfants, garde d&#8217;enfants, garde d&#8217;enfants, garde d&#8217;enfants. Oh, et de l&#8217;argent&#8230; pour la garde d&#8217;enfants. Je travaille \u00e9galement dans l&#8217;industrie du th\u00e9\u00e2tre, \u00e0 la fois comme conceptrice et comme interpr\u00e8te, et je constate que de plus en plus de compagnies de th\u00e9\u00e2tre offrent des allocations pour la garde d&#8217;enfants, alors que l&#8217;industrie de la musique est encore loin derri\u00e8re \u00e0 ce niveau. C&#8217;est \u00e9videmment particuli\u00e8rement difficile compte tenu des heures tardives de certains concerts et du fait que la garderie (si vous avez la chance d&#8217;inscrire votre enfant dans une garderie abordable et disponible) ne couvre pas les heures o\u00f9 vous en avez le plus besoin. La situation de la garde d&#8217;enfants dans notre ville (province ? pays ?) est d\u00e9plorable pour tout le monde, mais particuli\u00e8rement d\u00e9primante pour quiconque ne se conforme pas aux heures et aux modes de vie de travail conventionnels. <\/p>\n\n<p>Quel est le petit changement au sein de l&#8217;industrie qui pourrait avoir un impact positif pour les parents qui travaillent ?<\/p>\n\n<p>Il est honn\u00eatement difficile de penser \u00e0 quelque chose de petit. Les changements qui doivent avoir lieu sont importants, ils sont attendus depuis longtemps et sont cruellement n\u00e9cessaires. Les honoraires des musiciens doivent augmenter, mais la culture entourant l&#8217;embauche doit \u00e9galement changer. Les nouveaux parents, en particulier les m\u00e8res, ne devraient pas avoir l&#8217;impression d&#8217;\u00eatre pouss\u00e9s hors de l&#8217;industrie, ou que quelqu&#8217;un leur fait une faveur en les embauchant. Ils doivent \u00eatre trait\u00e9s sur un pied d&#8217;\u00e9galit\u00e9 avec leurs pairs, et des mesures d&#8217;accessibilit\u00e9 (comme la prise en charge de la garde d&#8217;enfants, la fourniture d&#8217;un espace s\u00fbr et confortable sur place pour l&#8217;allaitement ou le tirage de lait, ou simplement une compassion et une compr\u00e9hension de base) doivent \u00eatre mises en \u0153uvre.     <\/p>\n\n<p>Comment trouvez-vous du soutien et une communaut\u00e9 avec d&#8217;autres parents qui travaillent dans ou hors de l&#8217;industrie musicale ?<\/p>\n\n<p>Heureusement, beaucoup de mes amis musiciens ont tous eu des b\u00e9b\u00e9s en m\u00eame temps ! Certains d&#8217;entre nous font des \u00e9changes de garde d&#8217;enfants, ce qui est un excellent moyen de se soutenir mutuellement. Depuis que j&#8217;ai un enfant, j&#8217;ai form\u00e9 plusieurs petits \u00ab groupes de mamans \u00bb avec des amies de diff\u00e9rents cercles, et cela a \u00e9t\u00e9 une bou\u00e9e de sauvetage pour moi alors que je navigue dans le monde difficile d&#8217;un parent qui travaille.   <\/p>\n\n<p>Pouvez-vous donner un exemple sp\u00e9cifique d&#8217;une organisation\/lieu\/entreprise qui fait quelque chose de formidable pour aider \u00e0 soutenir les parents qui travaillent ?<\/p>\n\n<p>Balancing Act de Theatre Direct a \u00e9t\u00e9 une initiative incroyable, sp\u00e9cifique \u00e0 l&#8217;industrie du th\u00e9\u00e2tre, mais qui s&#8217;est \u00e9tendue aux musiciens travaillant \u00e9galement dans le th\u00e9\u00e2tre. Leur objectif a \u00e9t\u00e9 de cr\u00e9er une \u00e9galit\u00e9, une accessibilit\u00e9 et une inclusion accrues pour les parents et les personnes qui s&#8217;occupent d&#8217;enfants travaillant dans l&#8217;industrie des arts de la sc\u00e8ne. J&#8217;ai eu le privil\u00e8ge de b\u00e9n\u00e9ficier de leur incroyable programme sur plusieurs projets sur lesquels j&#8217;ai travaill\u00e9, en recevant des allocations pour la garde d&#8217;enfants, ainsi que de petits gestes qui m&#8217;ont fait me sentir soutenue en tant que parent.   <\/p>\n\n<p>Que pourrait faire ou fournir un \u00e9v\u00e9nement musical (festival, conf\u00e9rence, etc.) pour vous faciliter la participation ?<\/p>\n\n<p>Posez la question : De quoi avez-vous besoin et comment pouvons-nous vous soutenir ? Parfois, la r\u00e9ponse \u00e0 cette question sera beaucoup moins intimidante que certains organisateurs ne le craignent. Oui, l&#8217;argent est toujours un facteur, mais parfois, il s&#8217;agit simplement d&#8217;autoriser un laissez-passer suppl\u00e9mentaire pour qu&#8217;une personne s&#8217;occupe de l&#8217;enfant, ou d&#8217;un espace d\u00e9sign\u00e9 pour l&#8217;intimit\u00e9, etc. Mais les organisateurs ne sauront pas ce qu&#8217;ils doivent offrir ou comment ils doivent s&#8217;am\u00e9liorer s&#8217;ils ne demandent pas \u00e0 ceux qu&#8217;ils essaient de soutenir.    <\/p>\n\n<p>Pouvez-vous saluer une autre maman musicienne qui fait de grandes choses ?<\/p>\n\n<p>Jenie Thai ! La reine. <\/p>\n\n<p>Pour en savoir plus sur Raha, cliquez <a href=\"https:\/\/www.rahajavanfar.com\/\" target=\"_blank\" rel=\"noreferrer noopener\">ICI<\/a><\/p>\n","protected":false},"excerpt":{"rendered":"<p>O\u00f9 en \u00e9tiez-vous dans votre carri\u00e8re musicale lorsque vous avez eu votre premier enfant ? Y a-t-il eu beaucoup de discussions sur la fa\u00e7on dont ce choix de vie affecterait [&hellip;]<\/p>\n","protected":false},"author":1,"featured_media":1663,"comment_status":"open","ping_status":"open","sticky":false,"template":"","format":"standard","meta":{"_acf_changed":false,"footnotes":""},"categories":[35],"tags":[],"class_list":["post-1662","post","type-post","status-publish","format-standard","has-post-thumbnail","hentry","category-journee-mondiale-des-parents-2023"],"acf":[],"yoast_head":"<!-- This site is optimized with the Yoast SEO plugin v26.8 - https:\/\/yoast.com\/product\/yoast-seo-wordpress\/ -->\n<title>Raha Javanfar - artiste - WOMEN IN MUSIC CANADA<\/title>\n<meta name=\"robots\" content=\"index, follow, max-snippet:-1, max-image-preview:large, max-video-preview:-1\" \/>\n<link rel=\"canonical\" href=\"https:\/\/womeninmusic.ca\/fr\/raha-javanfar-artiste\/\" \/>\n<meta property=\"og:locale\" content=\"fr_FR\" \/>\n<meta property=\"og:type\" content=\"article\" \/>\n<meta property=\"og:title\" content=\"Raha Javanfar - artiste - WOMEN IN MUSIC CANADA\" \/>\n<meta property=\"og:description\" content=\"O\u00f9 en \u00e9tiez-vous dans votre carri\u00e8re musicale lorsque vous avez eu votre premier enfant ? Y a-t-il eu beaucoup de discussions sur la fa\u00e7on dont ce choix de vie affecterait [&hellip;]\" \/>\n<meta property=\"og:url\" content=\"https:\/\/womeninmusic.ca\/fr\/raha-javanfar-artiste\/\" \/>\n<meta property=\"og:site_name\" content=\"WOMEN IN MUSIC CANADA\" \/>\n<meta property=\"article:published_time\" content=\"2025-10-22T23:42:35+00:00\" \/>\n<meta property=\"article:modified_time\" content=\"2025-10-23T18:36:41+00:00\" \/>\n<meta property=\"og:image\" content=\"https:\/\/womeninmusic.ca\/wp-content\/uploads\/2025\/10\/PXL_20230317_200442370.MP-b9af7f0f.webp\" \/>\n\t<meta property=\"og:image:width\" content=\"638\" \/>\n\t<meta property=\"og:image:height\" content=\"480\" \/>\n\t<meta property=\"og:image:type\" content=\"image\/webp\" \/>\n<meta name=\"author\" content=\"WIM Admin\" \/>\n<meta name=\"twitter:card\" content=\"summary_large_image\" \/>\n<meta name=\"twitter:label1\" content=\"\u00c9crit par\" \/>\n\t<meta name=\"twitter:data1\" content=\"WIM Admin\" \/>\n\t<meta name=\"twitter:label2\" content=\"Dur\u00e9e de lecture estim\u00e9e\" \/>\n\t<meta name=\"twitter:data2\" content=\"4 minutes\" \/>\n<script type=\"application\/ld+json\" class=\"yoast-schema-graph\">{\"@context\":\"https:\/\/schema.org\",\"@graph\":[{\"@type\":\"Article\",\"@id\":\"https:\/\/womeninmusic.ca\/fr\/raha-javanfar-artiste\/#article\",\"isPartOf\":{\"@id\":\"https:\/\/womeninmusic.ca\/fr\/raha-javanfar-artiste\/\"},\"author\":{\"name\":\"WIM Admin\",\"@id\":\"https:\/\/womeninmusic.ca\/fr\/#\/schema\/person\/5df147b2670306de82737ef8edf60b5f\"},\"headline\":\"Raha Javanfar &#8211; artiste\",\"datePublished\":\"2025-10-22T23:42:35+00:00\",\"dateModified\":\"2025-10-23T18:36:41+00:00\",\"mainEntityOfPage\":{\"@id\":\"https:\/\/womeninmusic.ca\/fr\/raha-javanfar-artiste\/\"},\"wordCount\":868,\"commentCount\":0,\"publisher\":{\"@id\":\"https:\/\/womeninmusic.ca\/fr\/#organization\"},\"image\":{\"@id\":\"https:\/\/womeninmusic.ca\/fr\/raha-javanfar-artiste\/#primaryimage\"},\"thumbnailUrl\":\"https:\/\/womeninmusic.ca\/wp-content\/uploads\/2025\/10\/PXL_20230317_200442370.MP-b9af7f0f.webp\",\"articleSection\":[\"Journ\u00e9e mondiale des parents 2023\"],\"inLanguage\":\"fr-FR\",\"potentialAction\":[{\"@type\":\"CommentAction\",\"name\":\"Comment\",\"target\":[\"https:\/\/womeninmusic.ca\/fr\/raha-javanfar-artiste\/#respond\"]}]},{\"@type\":\"WebPage\",\"@id\":\"https:\/\/womeninmusic.ca\/fr\/raha-javanfar-artiste\/\",\"url\":\"https:\/\/womeninmusic.ca\/fr\/raha-javanfar-artiste\/\",\"name\":\"Raha Javanfar - artiste - WOMEN IN MUSIC CANADA\",\"isPartOf\":{\"@id\":\"https:\/\/womeninmusic.ca\/fr\/#website\"},\"primaryImageOfPage\":{\"@id\":\"https:\/\/womeninmusic.ca\/fr\/raha-javanfar-artiste\/#primaryimage\"},\"image\":{\"@id\":\"https:\/\/womeninmusic.ca\/fr\/raha-javanfar-artiste\/#primaryimage\"},\"thumbnailUrl\":\"https:\/\/womeninmusic.ca\/wp-content\/uploads\/2025\/10\/PXL_20230317_200442370.MP-b9af7f0f.webp\",\"datePublished\":\"2025-10-22T23:42:35+00:00\",\"dateModified\":\"2025-10-23T18:36:41+00:00\",\"breadcrumb\":{\"@id\":\"https:\/\/womeninmusic.ca\/fr\/raha-javanfar-artiste\/#breadcrumb\"},\"inLanguage\":\"fr-FR\",\"potentialAction\":[{\"@type\":\"ReadAction\",\"target\":[\"https:\/\/womeninmusic.ca\/fr\/raha-javanfar-artiste\/\"]}]},{\"@type\":\"ImageObject\",\"inLanguage\":\"fr-FR\",\"@id\":\"https:\/\/womeninmusic.ca\/fr\/raha-javanfar-artiste\/#primaryimage\",\"url\":\"https:\/\/womeninmusic.ca\/wp-content\/uploads\/2025\/10\/PXL_20230317_200442370.MP-b9af7f0f.webp\",\"contentUrl\":\"https:\/\/womeninmusic.ca\/wp-content\/uploads\/2025\/10\/PXL_20230317_200442370.MP-b9af7f0f.webp\",\"width\":638,\"height\":480},{\"@type\":\"BreadcrumbList\",\"@id\":\"https:\/\/womeninmusic.ca\/fr\/raha-javanfar-artiste\/#breadcrumb\",\"itemListElement\":[{\"@type\":\"ListItem\",\"position\":1,\"name\":\"Home\",\"item\":\"https:\/\/womeninmusic.ca\/fr\/accueil\/\"},{\"@type\":\"ListItem\",\"position\":2,\"name\":\"Raha Javanfar &#8211; artiste\"}]},{\"@type\":\"WebSite\",\"@id\":\"https:\/\/womeninmusic.ca\/fr\/#website\",\"url\":\"https:\/\/womeninmusic.ca\/fr\/\",\"name\":\"WOMEN IN MUSIC CANADA\",\"description\":\"\",\"publisher\":{\"@id\":\"https:\/\/womeninmusic.ca\/fr\/#organization\"},\"potentialAction\":[{\"@type\":\"SearchAction\",\"target\":{\"@type\":\"EntryPoint\",\"urlTemplate\":\"https:\/\/womeninmusic.ca\/fr\/?s={search_term_string}\"},\"query-input\":{\"@type\":\"PropertyValueSpecification\",\"valueRequired\":true,\"valueName\":\"search_term_string\"}}],\"inLanguage\":\"fr-FR\"},{\"@type\":\"Organization\",\"@id\":\"https:\/\/womeninmusic.ca\/fr\/#organization\",\"name\":\"WOMEN IN MUSIC CANADA\",\"url\":\"https:\/\/womeninmusic.ca\/fr\/\",\"logo\":{\"@type\":\"ImageObject\",\"inLanguage\":\"fr-FR\",\"@id\":\"https:\/\/womeninmusic.ca\/fr\/#\/schema\/logo\/image\/\",\"url\":\"https:\/\/womeninmusic.ca\/wp-content\/uploads\/2025\/09\/WIM_CDA_Logo_Horizontal-782fc697.webp\",\"contentUrl\":\"https:\/\/womeninmusic.ca\/wp-content\/uploads\/2025\/09\/WIM_CDA_Logo_Horizontal-782fc697.webp\",\"width\":301,\"height\":60,\"caption\":\"WOMEN IN MUSIC CANADA\"},\"image\":{\"@id\":\"https:\/\/womeninmusic.ca\/fr\/#\/schema\/logo\/image\/\"}},{\"@type\":\"Person\",\"@id\":\"https:\/\/womeninmusic.ca\/fr\/#\/schema\/person\/5df147b2670306de82737ef8edf60b5f\",\"name\":\"WIM Admin\",\"image\":{\"@type\":\"ImageObject\",\"inLanguage\":\"fr-FR\",\"@id\":\"https:\/\/womeninmusic.ca\/fr\/#\/schema\/person\/image\/\",\"url\":\"https:\/\/secure.gravatar.com\/avatar\/7705fd31e1fedd2e9802ca61a231914b36f11074c13c6ded0e8f8c3377af46b1?s=96&d=mm&r=g\",\"contentUrl\":\"https:\/\/secure.gravatar.com\/avatar\/7705fd31e1fedd2e9802ca61a231914b36f11074c13c6ded0e8f8c3377af46b1?s=96&d=mm&r=g\",\"caption\":\"WIM Admin\"},\"description\":\"This is where the bio data goes\",\"sameAs\":[\"https:\/\/womeninmusic.ca\"],\"url\":\"https:\/\/womeninmusic.ca\/fr\/author\/wimadmin\/\"}]}<\/script>\n<!-- \/ Yoast SEO plugin. -->","yoast_head_json":{"title":"Raha Javanfar - artiste - WOMEN IN MUSIC CANADA","robots":{"index":"index","follow":"follow","max-snippet":"max-snippet:-1","max-image-preview":"max-image-preview:large","max-video-preview":"max-video-preview:-1"},"canonical":"https:\/\/womeninmusic.ca\/fr\/raha-javanfar-artiste\/","og_locale":"fr_FR","og_type":"article","og_title":"Raha Javanfar - artiste - WOMEN IN MUSIC CANADA","og_description":"O\u00f9 en \u00e9tiez-vous dans votre carri\u00e8re musicale lorsque vous avez eu votre premier enfant ? Y a-t-il eu beaucoup de discussions sur la fa\u00e7on dont ce choix de vie affecterait [&hellip;]","og_url":"https:\/\/womeninmusic.ca\/fr\/raha-javanfar-artiste\/","og_site_name":"WOMEN IN MUSIC CANADA","article_published_time":"2025-10-22T23:42:35+00:00","article_modified_time":"2025-10-23T18:36:41+00:00","og_image":[{"width":638,"height":480,"url":"https:\/\/womeninmusic.ca\/wp-content\/uploads\/2025\/10\/PXL_20230317_200442370.MP-b9af7f0f.webp","type":"image\/webp"}],"author":"WIM Admin","twitter_card":"summary_large_image","twitter_misc":{"\u00c9crit par":"WIM Admin","Dur\u00e9e de lecture estim\u00e9e":"4 minutes"},"schema":{"@context":"https:\/\/schema.org","@graph":[{"@type":"Article","@id":"https:\/\/womeninmusic.ca\/fr\/raha-javanfar-artiste\/#article","isPartOf":{"@id":"https:\/\/womeninmusic.ca\/fr\/raha-javanfar-artiste\/"},"author":{"name":"WIM Admin","@id":"https:\/\/womeninmusic.ca\/fr\/#\/schema\/person\/5df147b2670306de82737ef8edf60b5f"},"headline":"Raha Javanfar &#8211; artiste","datePublished":"2025-10-22T23:42:35+00:00","dateModified":"2025-10-23T18:36:41+00:00","mainEntityOfPage":{"@id":"https:\/\/womeninmusic.ca\/fr\/raha-javanfar-artiste\/"},"wordCount":868,"commentCount":0,"publisher":{"@id":"https:\/\/womeninmusic.ca\/fr\/#organization"},"image":{"@id":"https:\/\/womeninmusic.ca\/fr\/raha-javanfar-artiste\/#primaryimage"},"thumbnailUrl":"https:\/\/womeninmusic.ca\/wp-content\/uploads\/2025\/10\/PXL_20230317_200442370.MP-b9af7f0f.webp","articleSection":["Journ\u00e9e mondiale des parents 2023"],"inLanguage":"fr-FR","potentialAction":[{"@type":"CommentAction","name":"Comment","target":["https:\/\/womeninmusic.ca\/fr\/raha-javanfar-artiste\/#respond"]}]},{"@type":"WebPage","@id":"https:\/\/womeninmusic.ca\/fr\/raha-javanfar-artiste\/","url":"https:\/\/womeninmusic.ca\/fr\/raha-javanfar-artiste\/","name":"Raha Javanfar - artiste - WOMEN IN MUSIC CANADA","isPartOf":{"@id":"https:\/\/womeninmusic.ca\/fr\/#website"},"primaryImageOfPage":{"@id":"https:\/\/womeninmusic.ca\/fr\/raha-javanfar-artiste\/#primaryimage"},"image":{"@id":"https:\/\/womeninmusic.ca\/fr\/raha-javanfar-artiste\/#primaryimage"},"thumbnailUrl":"https:\/\/womeninmusic.ca\/wp-content\/uploads\/2025\/10\/PXL_20230317_200442370.MP-b9af7f0f.webp","datePublished":"2025-10-22T23:42:35+00:00","dateModified":"2025-10-23T18:36:41+00:00","breadcrumb":{"@id":"https:\/\/womeninmusic.ca\/fr\/raha-javanfar-artiste\/#breadcrumb"},"inLanguage":"fr-FR","potentialAction":[{"@type":"ReadAction","target":["https:\/\/womeninmusic.ca\/fr\/raha-javanfar-artiste\/"]}]},{"@type":"ImageObject","inLanguage":"fr-FR","@id":"https:\/\/womeninmusic.ca\/fr\/raha-javanfar-artiste\/#primaryimage","url":"https:\/\/womeninmusic.ca\/wp-content\/uploads\/2025\/10\/PXL_20230317_200442370.MP-b9af7f0f.webp","contentUrl":"https:\/\/womeninmusic.ca\/wp-content\/uploads\/2025\/10\/PXL_20230317_200442370.MP-b9af7f0f.webp","width":638,"height":480},{"@type":"BreadcrumbList","@id":"https:\/\/womeninmusic.ca\/fr\/raha-javanfar-artiste\/#breadcrumb","itemListElement":[{"@type":"ListItem","position":1,"name":"Home","item":"https:\/\/womeninmusic.ca\/fr\/accueil\/"},{"@type":"ListItem","position":2,"name":"Raha Javanfar &#8211; artiste"}]},{"@type":"WebSite","@id":"https:\/\/womeninmusic.ca\/fr\/#website","url":"https:\/\/womeninmusic.ca\/fr\/","name":"WOMEN IN MUSIC CANADA","description":"","publisher":{"@id":"https:\/\/womeninmusic.ca\/fr\/#organization"},"potentialAction":[{"@type":"SearchAction","target":{"@type":"EntryPoint","urlTemplate":"https:\/\/womeninmusic.ca\/fr\/?s={search_term_string}"},"query-input":{"@type":"PropertyValueSpecification","valueRequired":true,"valueName":"search_term_string"}}],"inLanguage":"fr-FR"},{"@type":"Organization","@id":"https:\/\/womeninmusic.ca\/fr\/#organization","name":"WOMEN IN MUSIC CANADA","url":"https:\/\/womeninmusic.ca\/fr\/","logo":{"@type":"ImageObject","inLanguage":"fr-FR","@id":"https:\/\/womeninmusic.ca\/fr\/#\/schema\/logo\/image\/","url":"https:\/\/womeninmusic.ca\/wp-content\/uploads\/2025\/09\/WIM_CDA_Logo_Horizontal-782fc697.webp","contentUrl":"https:\/\/womeninmusic.ca\/wp-content\/uploads\/2025\/09\/WIM_CDA_Logo_Horizontal-782fc697.webp","width":301,"height":60,"caption":"WOMEN IN MUSIC CANADA"},"image":{"@id":"https:\/\/womeninmusic.ca\/fr\/#\/schema\/logo\/image\/"}},{"@type":"Person","@id":"https:\/\/womeninmusic.ca\/fr\/#\/schema\/person\/5df147b2670306de82737ef8edf60b5f","name":"WIM Admin","image":{"@type":"ImageObject","inLanguage":"fr-FR","@id":"https:\/\/womeninmusic.ca\/fr\/#\/schema\/person\/image\/","url":"https:\/\/secure.gravatar.com\/avatar\/7705fd31e1fedd2e9802ca61a231914b36f11074c13c6ded0e8f8c3377af46b1?s=96&d=mm&r=g","contentUrl":"https:\/\/secure.gravatar.com\/avatar\/7705fd31e1fedd2e9802ca61a231914b36f11074c13c6ded0e8f8c3377af46b1?s=96&d=mm&r=g","caption":"WIM Admin"},"description":"This is where the bio data goes","sameAs":["https:\/\/womeninmusic.ca"],"url":"https:\/\/womeninmusic.ca\/fr\/author\/wimadmin\/"}]}},"_links":{"self":[{"href":"https:\/\/womeninmusic.ca\/fr\/wp-json\/wp\/v2\/posts\/1662","targetHints":{"allow":["GET"]}}],"collection":[{"href":"https:\/\/womeninmusic.ca\/fr\/wp-json\/wp\/v2\/posts"}],"about":[{"href":"https:\/\/womeninmusic.ca\/fr\/wp-json\/wp\/v2\/types\/post"}],"author":[{"embeddable":true,"href":"https:\/\/womeninmusic.ca\/fr\/wp-json\/wp\/v2\/users\/1"}],"replies":[{"embeddable":true,"href":"https:\/\/womeninmusic.ca\/fr\/wp-json\/wp\/v2\/comments?post=1662"}],"version-history":[{"count":1,"href":"https:\/\/womeninmusic.ca\/fr\/wp-json\/wp\/v2\/posts\/1662\/revisions"}],"predecessor-version":[{"id":1664,"href":"https:\/\/womeninmusic.ca\/fr\/wp-json\/wp\/v2\/posts\/1662\/revisions\/1664"}],"wp:featuredmedia":[{"embeddable":true,"href":"https:\/\/womeninmusic.ca\/fr\/wp-json\/wp\/v2\/media\/1663"}],"wp:attachment":[{"href":"https:\/\/womeninmusic.ca\/fr\/wp-json\/wp\/v2\/media?parent=1662"}],"wp:term":[{"taxonomy":"category","embeddable":true,"href":"https:\/\/womeninmusic.ca\/fr\/wp-json\/wp\/v2\/categories?post=1662"},{"taxonomy":"post_tag","embeddable":true,"href":"https:\/\/womeninmusic.ca\/fr\/wp-json\/wp\/v2\/tags?post=1662"}],"curies":[{"name":"wp","href":"https:\/\/api.w.org\/{rel}","templated":true}]}}